{"id":505,"date":"2022-08-22T16:40:05","date_gmt":"2022-08-22T14:40:05","guid":{"rendered":"http:\/\/81.169.250.167\/?p=505"},"modified":"2022-08-22T16:50:01","modified_gmt":"2022-08-22T14:50:01","slug":"ueber-uns","status":"publish","type":"post","link":"https:\/\/leeser-fahrzeugtechnik.de\/index.php\/2022\/08\/22\/ueber-uns\/","title":{"rendered":"\u00dcber uns:"},"content":{"rendered":"\t\t<div data-elementor-type=\"wp-post\" data-elementor-id=\"505\" class=\"elementor elementor-505\">\n\t\t\t\t\t\t<section class=\"elementor-section elementor-top-section elementor-element elementor-element-6e03bcc elementor-section-boxed elementor-section-height-default elementor-section-height-default\" data-id=\"6e03bcc\" data-element_type=\"section\" data-e-type=\"section\">\n\t\t\t\t\t\t<div class=\"elementor-container elementor-column-gap-default\">\n\t\t\t\t\t<div class=\"elementor-column elementor-col-100 elementor-top-column elementor-element elementor-element-cd3417d\" data-id=\"cd3417d\" data-element_type=\"column\" data-e-type=\"column\">\n\t\t\t<div class=\"elementor-widget-wrap elementor-element-populated\">\n\t\t\t\t\t\t<div class=\"elementor-element elementor-element-15db918 elementor-widget elementor-widget-text-editor\" data-id=\"15db918\" data-element_type=\"widget\" data-e-type=\"widget\" data-widget_type=\"text-editor.default\">\n\t\t\t\t<div class=\"elementor-widget-container\">\n\t\t\t\t\t\t\t\t\t<p><\/p><p class=\"has-large-font-size\">R. Leeser Fahrzeugtechnik<\/p><p> <\/p><p>Ren\u00e9 Leeser gr\u00fcndete im Januar 1999 gemeinsam mit einem Kompangnon die &#8222;Schuler &amp; Leeser GbR&#8220; in R\u00f6srath. Bereits nach neun Monaten f\u00fchrte Ren\u00e9 Leeser die Werkstatt alleine weiter und aus der &#8222;Schuler &amp; Leeser GbR&#8220; wurde die Firma R. Leeser Fahrzeugtechnik.<\/p><p> <\/p><p>Seit \u00fcber 20 Jahren ist es dem Firmengr\u00fcnder wichtig nach vorne zu schauen, sein Wissen weiterzuentwickeln, weiterzugeben und bildet seit dem Tag der ersten Stunde Lehrlinge im KFZ Handwerk aus.<\/p><p> <\/p><p>Das familiengef\u00fchrte Unternehmen -R. Leeser Fahrzeugtechnik- blickt nun auf eine erfolgreiche und best\u00e4ndige Vergangenheit mit stetigem Wachstum und einem zufriedenen Kundenstamm zur\u00fcck. Dem zweifachen KFZ-Meister und seit 2017 zertifiziertem Sachverst\u00e4ndigen ist es wichtig, gerade auch in der Diagnosetechnik immer auf dem neuesten Stand zu sein und das Unternehmen souver\u00e4n voran zu f\u00fchren.<\/p><p> <\/p><p>Mit der Leidenschaft zur Markenvielfalt findet Ren\u00e9 Leeser , zusammen mit seinen ausgebildeten Fachkr\u00e4ften, f\u00fcr nahezu jedes Problem die optimale L\u00f6sung um seine Kunden zufriedenstellen zu k\u00f6nnen.<\/p><p> <\/p><p>Sogar als im Juli 2021 das Hochwasser die Werkstatt in R\u00f6srath fast vollst\u00e4ndig zerst\u00f6rt hat, war aufgeben f\u00fcr Ihn keine Option. Ein herzliches Dankesch\u00f6n geht auch an dieser Stelle an unsere Kunden, Mitarbeiter, Freunde, Nachbarn und Familienmitglieder, welche uns tatkr\u00e4ftig beim Reinigen und beim Wiederaufbau geholfen haben.<\/p><p> <\/p><p>Famili\u00e4re Werte, Leidenschaft zur Markenvielfalt, Fachkompetenz und der Blick nach vorn machen uns stark!<\/p><p><\/p>\t\t\t\t\t\t\t\t<\/div>\n\t\t\t\t<\/div>\n\t\t\t\t\t<\/div>\n\t\t<\/div>\n\t\t\t\t\t<\/div>\n\t\t<\/section>\n\t\t\t\t<section class=\"elementor-section elementor-top-section elementor-element elementor-element-8d1d198 elementor-section-boxed elementor-section-height-default elementor-section-height-default\" data-id=\"8d1d198\" data-element_type=\"section\" data-e-type=\"section\">\n\t\t\t\t\t\t<div class=\"elementor-container elementor-column-gap-default\">\n\t\t\t\t\t<div class=\"elementor-column elementor-col-100 elementor-top-column elementor-element elementor-element-aadf6ef\" data-id=\"aadf6ef\" data-element_type=\"column\" data-e-type=\"column\">\n\t\t\t<div class=\"elementor-widget-wrap elementor-element-populated\">\n\t\t\t\t\t\t<div class=\"elementor-element elementor-element-b0fea67 elementor-widget elementor-widget-image\" data-id=\"b0fea67\" data-element_type=\"widget\" data-e-type=\"widget\" data-widget_type=\"image.default\">\n\t\t\t\t<div class=\"elementor-widget-container\">\n\t\t\t\t\t\t\t\t\t\t\t\t\t\t\t<img decoding=\"async\" src=\"http:\/\/81.169.250.167\/wp-content\/uploads\/2022\/08\/IMG_7288-002.jpg\" title=\"\" alt=\"\" loading=\"lazy\" \/>\t\t\t\t\t\t\t\t\t\t\t\t\t\t\t<\/div>\n\t\t\t\t<\/div>\n\t\t\t\t\t<\/div>\n\t\t<\/div>\n\t\t\t\t\t<\/div>\n\t\t<\/section>\n\t\t\t\t<\/div>\n\t\t","protected":false},"excerpt":{"rendered":"<p>R. Leeser Fahrzeugtechnik Ren\u00e9 Leeser gr\u00fcndete im Januar 1999 gemeinsam mit einem Kompangnon die &#8222;Schuler &amp; Leeser GbR&#8220; in R\u00f6srath. Bereits nach neun Monaten f\u00fchrte Ren\u00e9 Leeser die Werkstatt alleine weiter und aus der &#8222;Schuler &amp; Leeser GbR&#8220; wurde die Firma R. Leeser Fahrzeugtechnik. Seit \u00fcber 20 Jahren ist es dem Firmengr\u00fcnder wichtig nach vorne &hellip; <\/p>\n<p class=\"link-more\"><a href=\"https:\/\/leeser-fahrzeugtechnik.de\/index.php\/2022\/08\/22\/ueber-uns\/\" class=\"more-link\">Mehr <span class=\"screen-reader-text\">\u00fcber &#8222;\u00dcber uns:&#8220; <\/span>Lesen<\/a><\/p>\n","protected":false},"author":1,"featured_media":0,"comment_status":"closed","ping_status":"closed","sticky":true,"template":"","format":"standard","meta":{"footnotes":""},"categories":[1],"tags":[],"class_list":["post-505","post","type-post","status-publish","format-standard","hentry","category-allgemein"],"yoast_head":"<!-- This site is optimized with the Yoast SEO plugin v27.2 - https:\/\/yoast.com\/product\/yoast-seo-wordpress\/ -->\n<title>\u00dcber uns: - R. Leeser Fahrzeugtechnik<\/title>\n<meta name=\"robots\" content=\"index, follow, max-snippet:-1, max-image-preview:large, max-video-preview:-1\" \/>\n<link rel=\"canonical\" href=\"https:\/\/leeser-fahrzeugtechnik.de\/index.php\/2022\/08\/22\/ueber-uns\/\" \/>\n<meta property=\"og:locale\" content=\"de_DE\" \/>\n<meta property=\"og:type\" content=\"article\" \/>\n<meta property=\"og:title\" content=\"\u00dcber uns: - R. Leeser Fahrzeugtechnik\" \/>\n<meta property=\"og:description\" content=\"R. Leeser Fahrzeugtechnik Ren\u00e9 Leeser gr\u00fcndete im Januar 1999 gemeinsam mit einem Kompangnon die &#8222;Schuler &amp; Leeser GbR&#8220; in R\u00f6srath. Bereits nach neun Monaten f\u00fchrte Ren\u00e9 Leeser die Werkstatt alleine weiter und aus der &#8222;Schuler &amp; Leeser GbR&#8220; wurde die Firma R. Leeser Fahrzeugtechnik. Seit \u00fcber 20 Jahren ist es dem Firmengr\u00fcnder wichtig nach vorne &hellip; Mehr \u00fcber &quot;\u00dcber uns:&quot; Lesen\" \/>\n<meta property=\"og:url\" content=\"https:\/\/leeser-fahrzeugtechnik.de\/index.php\/2022\/08\/22\/ueber-uns\/\" \/>\n<meta property=\"og:site_name\" content=\"R. Leeser Fahrzeugtechnik\" \/>\n<meta property=\"article:published_time\" content=\"2022-08-22T14:40:05+00:00\" \/>\n<meta property=\"article:modified_time\" content=\"2022-08-22T14:50:01+00:00\" \/>\n<meta property=\"og:image\" content=\"http:\/\/81.169.250.167\/wp-content\/uploads\/2022\/08\/IMG_7288-002.jpg\" \/>\n<meta name=\"author\" content=\"JuliaLeeser\" \/>\n<meta name=\"twitter:card\" content=\"summary_large_image\" \/>\n<meta name=\"twitter:label1\" content=\"Verfasst von\" \/>\n\t<meta name=\"twitter:data1\" content=\"JuliaLeeser\" \/>\n\t<meta name=\"twitter:label2\" content=\"Gesch\u00e4tzte Lesezeit\" \/>\n\t<meta name=\"twitter:data2\" content=\"1\u00a0Minute\" \/>\n<script type=\"application\/ld+json\" class=\"yoast-schema-graph\">{\"@context\":\"https:\/\/schema.org\",\"@graph\":[{\"@type\":\"Article\",\"@id\":\"https:\/\/leeser-fahrzeugtechnik.de\/index.php\/2022\/08\/22\/ueber-uns\/#article\",\"isPartOf\":{\"@id\":\"https:\/\/leeser-fahrzeugtechnik.de\/index.php\/2022\/08\/22\/ueber-uns\/\"},\"author\":{\"name\":\"JuliaLeeser\",\"@id\":\"https:\/\/leeser-fahrzeugtechnik.de\/#\/schema\/person\/be02421b6e52d9987288876c166c39c7\"},\"headline\":\"\u00dcber uns:\",\"datePublished\":\"2022-08-22T14:40:05+00:00\",\"dateModified\":\"2022-08-22T14:50:01+00:00\",\"mainEntityOfPage\":{\"@id\":\"https:\/\/leeser-fahrzeugtechnik.de\/index.php\/2022\/08\/22\/ueber-uns\/\"},\"wordCount\":232,\"publisher\":{\"@id\":\"https:\/\/leeser-fahrzeugtechnik.de\/#organization\"},\"image\":{\"@id\":\"https:\/\/leeser-fahrzeugtechnik.de\/index.php\/2022\/08\/22\/ueber-uns\/#primaryimage\"},\"thumbnailUrl\":\"http:\/\/81.169.250.167\/wp-content\/uploads\/2022\/08\/IMG_7288-002.jpg\",\"inLanguage\":\"de\"},{\"@type\":\"WebPage\",\"@id\":\"https:\/\/leeser-fahrzeugtechnik.de\/index.php\/2022\/08\/22\/ueber-uns\/\",\"url\":\"https:\/\/leeser-fahrzeugtechnik.de\/index.php\/2022\/08\/22\/ueber-uns\/\",\"name\":\"\u00dcber uns: - R. Leeser Fahrzeugtechnik\",\"isPartOf\":{\"@id\":\"https:\/\/leeser-fahrzeugtechnik.de\/#website\"},\"primaryImageOfPage\":{\"@id\":\"https:\/\/leeser-fahrzeugtechnik.de\/index.php\/2022\/08\/22\/ueber-uns\/#primaryimage\"},\"image\":{\"@id\":\"https:\/\/leeser-fahrzeugtechnik.de\/index.php\/2022\/08\/22\/ueber-uns\/#primaryimage\"},\"thumbnailUrl\":\"http:\/\/81.169.250.167\/wp-content\/uploads\/2022\/08\/IMG_7288-002.jpg\",\"datePublished\":\"2022-08-22T14:40:05+00:00\",\"dateModified\":\"2022-08-22T14:50:01+00:00\",\"breadcrumb\":{\"@id\":\"https:\/\/leeser-fahrzeugtechnik.de\/index.php\/2022\/08\/22\/ueber-uns\/#breadcrumb\"},\"inLanguage\":\"de\",\"potentialAction\":[{\"@type\":\"ReadAction\",\"target\":[\"https:\/\/leeser-fahrzeugtechnik.de\/index.php\/2022\/08\/22\/ueber-uns\/\"]}]},{\"@type\":\"ImageObject\",\"inLanguage\":\"de\",\"@id\":\"https:\/\/leeser-fahrzeugtechnik.de\/index.php\/2022\/08\/22\/ueber-uns\/#primaryimage\",\"url\":\"http:\/\/81.169.250.167\/wp-content\/uploads\/2022\/08\/IMG_7288-002.jpg\",\"contentUrl\":\"http:\/\/81.169.250.167\/wp-content\/uploads\/2022\/08\/IMG_7288-002.jpg\"},{\"@type\":\"BreadcrumbList\",\"@id\":\"https:\/\/leeser-fahrzeugtechnik.de\/index.php\/2022\/08\/22\/ueber-uns\/#breadcrumb\",\"itemListElement\":[{\"@type\":\"ListItem\",\"position\":1,\"name\":\"Startseite\",\"item\":\"https:\/\/leeser-fahrzeugtechnik.de\/\"},{\"@type\":\"ListItem\",\"position\":2,\"name\":\"\u00dcber uns:\"}]},{\"@type\":\"WebSite\",\"@id\":\"https:\/\/leeser-fahrzeugtechnik.de\/#website\",\"url\":\"https:\/\/leeser-fahrzeugtechnik.de\/\",\"name\":\"R. Leeser Fahrzeugtechnik\",\"description\":\"Wilkommen bei Leeser Fahrzeugtechnik hier dreht sich alles um die Reparatur und Instandhaltung Ihres Fahrzeuges. Leeser und es l\u00e4uft!\",\"publisher\":{\"@id\":\"https:\/\/leeser-fahrzeugtechnik.de\/#organization\"},\"potentialAction\":[{\"@type\":\"SearchAction\",\"target\":{\"@type\":\"EntryPoint\",\"urlTemplate\":\"https:\/\/leeser-fahrzeugtechnik.de\/?s={search_term_string}\"},\"query-input\":{\"@type\":\"PropertyValueSpecification\",\"valueRequired\":true,\"valueName\":\"search_term_string\"}}],\"inLanguage\":\"de\"},{\"@type\":\"Organization\",\"@id\":\"https:\/\/leeser-fahrzeugtechnik.de\/#organization\",\"name\":\"R. Leeser Fahrzeugtechnik\",\"url\":\"https:\/\/leeser-fahrzeugtechnik.de\/\",\"logo\":{\"@type\":\"ImageObject\",\"inLanguage\":\"de\",\"@id\":\"https:\/\/leeser-fahrzeugtechnik.de\/#\/schema\/logo\/image\/\",\"url\":\"https:\/\/leeser-fahrzeugtechnik.de\/wp-content\/uploads\/2022\/09\/logo_leeser-transparent-5.png\",\"contentUrl\":\"https:\/\/leeser-fahrzeugtechnik.de\/wp-content\/uploads\/2022\/09\/logo_leeser-transparent-5.png\",\"width\":142,\"height\":52,\"caption\":\"R. Leeser Fahrzeugtechnik\"},\"image\":{\"@id\":\"https:\/\/leeser-fahrzeugtechnik.de\/#\/schema\/logo\/image\/\"}},{\"@type\":\"Person\",\"@id\":\"https:\/\/leeser-fahrzeugtechnik.de\/#\/schema\/person\/be02421b6e52d9987288876c166c39c7\",\"name\":\"JuliaLeeser\",\"image\":{\"@type\":\"ImageObject\",\"inLanguage\":\"de\",\"@id\":\"https:\/\/secure.gravatar.com\/avatar\/36221aac1bc8aac5fbf21eb7f21da6d746e62fe708ddd3773f070cad358dda87?s=96&d=mm&r=g\",\"url\":\"https:\/\/secure.gravatar.com\/avatar\/36221aac1bc8aac5fbf21eb7f21da6d746e62fe708ddd3773f070cad358dda87?s=96&d=mm&r=g\",\"contentUrl\":\"https:\/\/secure.gravatar.com\/avatar\/36221aac1bc8aac5fbf21eb7f21da6d746e62fe708ddd3773f070cad358dda87?s=96&d=mm&r=g\",\"caption\":\"JuliaLeeser\"},\"sameAs\":[\"http:\/\/81.169.250.167\"],\"url\":\"https:\/\/leeser-fahrzeugtechnik.de\/index.php\/author\/julialeeser\/\"}]}<\/script>\n<!-- \/ Yoast SEO plugin. -->","yoast_head_json":{"title":"\u00dcber uns: - R. Leeser Fahrzeugtechnik","robots":{"index":"index","follow":"follow","max-snippet":"max-snippet:-1","max-image-preview":"max-image-preview:large","max-video-preview":"max-video-preview:-1"},"canonical":"https:\/\/leeser-fahrzeugtechnik.de\/index.php\/2022\/08\/22\/ueber-uns\/","og_locale":"de_DE","og_type":"article","og_title":"\u00dcber uns: - R. Leeser Fahrzeugtechnik","og_description":"R. Leeser Fahrzeugtechnik Ren\u00e9 Leeser gr\u00fcndete im Januar 1999 gemeinsam mit einem Kompangnon die &#8222;Schuler &amp; Leeser GbR&#8220; in R\u00f6srath. Bereits nach neun Monaten f\u00fchrte Ren\u00e9 Leeser die Werkstatt alleine weiter und aus der &#8222;Schuler &amp; Leeser GbR&#8220; wurde die Firma R. Leeser Fahrzeugtechnik. Seit \u00fcber 20 Jahren ist es dem Firmengr\u00fcnder wichtig nach vorne &hellip; Mehr \u00fcber \"\u00dcber uns:\" Lesen","og_url":"https:\/\/leeser-fahrzeugtechnik.de\/index.php\/2022\/08\/22\/ueber-uns\/","og_site_name":"R. Leeser Fahrzeugtechnik","article_published_time":"2022-08-22T14:40:05+00:00","article_modified_time":"2022-08-22T14:50:01+00:00","og_image":[{"url":"http:\/\/81.169.250.167\/wp-content\/uploads\/2022\/08\/IMG_7288-002.jpg","type":"","width":"","height":""}],"author":"JuliaLeeser","twitter_card":"summary_large_image","twitter_misc":{"Verfasst von":"JuliaLeeser","Gesch\u00e4tzte Lesezeit":"1\u00a0Minute"},"schema":{"@context":"https:\/\/schema.org","@graph":[{"@type":"Article","@id":"https:\/\/leeser-fahrzeugtechnik.de\/index.php\/2022\/08\/22\/ueber-uns\/#article","isPartOf":{"@id":"https:\/\/leeser-fahrzeugtechnik.de\/index.php\/2022\/08\/22\/ueber-uns\/"},"author":{"name":"JuliaLeeser","@id":"https:\/\/leeser-fahrzeugtechnik.de\/#\/schema\/person\/be02421b6e52d9987288876c166c39c7"},"headline":"\u00dcber uns:","datePublished":"2022-08-22T14:40:05+00:00","dateModified":"2022-08-22T14:50:01+00:00","mainEntityOfPage":{"@id":"https:\/\/leeser-fahrzeugtechnik.de\/index.php\/2022\/08\/22\/ueber-uns\/"},"wordCount":232,"publisher":{"@id":"https:\/\/leeser-fahrzeugtechnik.de\/#organization"},"image":{"@id":"https:\/\/leeser-fahrzeugtechnik.de\/index.php\/2022\/08\/22\/ueber-uns\/#primaryimage"},"thumbnailUrl":"http:\/\/81.169.250.167\/wp-content\/uploads\/2022\/08\/IMG_7288-002.jpg","inLanguage":"de"},{"@type":"WebPage","@id":"https:\/\/leeser-fahrzeugtechnik.de\/index.php\/2022\/08\/22\/ueber-uns\/","url":"https:\/\/leeser-fahrzeugtechnik.de\/index.php\/2022\/08\/22\/ueber-uns\/","name":"\u00dcber uns: - R. Leeser Fahrzeugtechnik","isPartOf":{"@id":"https:\/\/leeser-fahrzeugtechnik.de\/#website"},"primaryImageOfPage":{"@id":"https:\/\/leeser-fahrzeugtechnik.de\/index.php\/2022\/08\/22\/ueber-uns\/#primaryimage"},"image":{"@id":"https:\/\/leeser-fahrzeugtechnik.de\/index.php\/2022\/08\/22\/ueber-uns\/#primaryimage"},"thumbnailUrl":"http:\/\/81.169.250.167\/wp-content\/uploads\/2022\/08\/IMG_7288-002.jpg","datePublished":"2022-08-22T14:40:05+00:00","dateModified":"2022-08-22T14:50:01+00:00","breadcrumb":{"@id":"https:\/\/leeser-fahrzeugtechnik.de\/index.php\/2022\/08\/22\/ueber-uns\/#breadcrumb"},"inLanguage":"de","potentialAction":[{"@type":"ReadAction","target":["https:\/\/leeser-fahrzeugtechnik.de\/index.php\/2022\/08\/22\/ueber-uns\/"]}]},{"@type":"ImageObject","inLanguage":"de","@id":"https:\/\/leeser-fahrzeugtechnik.de\/index.php\/2022\/08\/22\/ueber-uns\/#primaryimage","url":"http:\/\/81.169.250.167\/wp-content\/uploads\/2022\/08\/IMG_7288-002.jpg","contentUrl":"http:\/\/81.169.250.167\/wp-content\/uploads\/2022\/08\/IMG_7288-002.jpg"},{"@type":"BreadcrumbList","@id":"https:\/\/leeser-fahrzeugtechnik.de\/index.php\/2022\/08\/22\/ueber-uns\/#breadcrumb","itemListElement":[{"@type":"ListItem","position":1,"name":"Startseite","item":"https:\/\/leeser-fahrzeugtechnik.de\/"},{"@type":"ListItem","position":2,"name":"\u00dcber uns:"}]},{"@type":"WebSite","@id":"https:\/\/leeser-fahrzeugtechnik.de\/#website","url":"https:\/\/leeser-fahrzeugtechnik.de\/","name":"R. Leeser Fahrzeugtechnik","description":"Wilkommen bei Leeser Fahrzeugtechnik hier dreht sich alles um die Reparatur und Instandhaltung Ihres Fahrzeuges. Leeser und es l\u00e4uft!","publisher":{"@id":"https:\/\/leeser-fahrzeugtechnik.de\/#organization"},"potentialAction":[{"@type":"SearchAction","target":{"@type":"EntryPoint","urlTemplate":"https:\/\/leeser-fahrzeugtechnik.de\/?s={search_term_string}"},"query-input":{"@type":"PropertyValueSpecification","valueRequired":true,"valueName":"search_term_string"}}],"inLanguage":"de"},{"@type":"Organization","@id":"https:\/\/leeser-fahrzeugtechnik.de\/#organization","name":"R. Leeser Fahrzeugtechnik","url":"https:\/\/leeser-fahrzeugtechnik.de\/","logo":{"@type":"ImageObject","inLanguage":"de","@id":"https:\/\/leeser-fahrzeugtechnik.de\/#\/schema\/logo\/image\/","url":"https:\/\/leeser-fahrzeugtechnik.de\/wp-content\/uploads\/2022\/09\/logo_leeser-transparent-5.png","contentUrl":"https:\/\/leeser-fahrzeugtechnik.de\/wp-content\/uploads\/2022\/09\/logo_leeser-transparent-5.png","width":142,"height":52,"caption":"R. Leeser Fahrzeugtechnik"},"image":{"@id":"https:\/\/leeser-fahrzeugtechnik.de\/#\/schema\/logo\/image\/"}},{"@type":"Person","@id":"https:\/\/leeser-fahrzeugtechnik.de\/#\/schema\/person\/be02421b6e52d9987288876c166c39c7","name":"JuliaLeeser","image":{"@type":"ImageObject","inLanguage":"de","@id":"https:\/\/secure.gravatar.com\/avatar\/36221aac1bc8aac5fbf21eb7f21da6d746e62fe708ddd3773f070cad358dda87?s=96&d=mm&r=g","url":"https:\/\/secure.gravatar.com\/avatar\/36221aac1bc8aac5fbf21eb7f21da6d746e62fe708ddd3773f070cad358dda87?s=96&d=mm&r=g","contentUrl":"https:\/\/secure.gravatar.com\/avatar\/36221aac1bc8aac5fbf21eb7f21da6d746e62fe708ddd3773f070cad358dda87?s=96&d=mm&r=g","caption":"JuliaLeeser"},"sameAs":["http:\/\/81.169.250.167"],"url":"https:\/\/leeser-fahrzeugtechnik.de\/index.php\/author\/julialeeser\/"}]}},"_links":{"self":[{"href":"https:\/\/leeser-fahrzeugtechnik.de\/index.php\/wp-json\/wp\/v2\/posts\/505","targetHints":{"allow":["GET"]}}],"collection":[{"href":"https:\/\/leeser-fahrzeugtechnik.de\/index.php\/wp-json\/wp\/v2\/posts"}],"about":[{"href":"https:\/\/leeser-fahrzeugtechnik.de\/index.php\/wp-json\/wp\/v2\/types\/post"}],"author":[{"embeddable":true,"href":"https:\/\/leeser-fahrzeugtechnik.de\/index.php\/wp-json\/wp\/v2\/users\/1"}],"replies":[{"embeddable":true,"href":"https:\/\/leeser-fahrzeugtechnik.de\/index.php\/wp-json\/wp\/v2\/comments?post=505"}],"version-history":[{"count":11,"href":"https:\/\/leeser-fahrzeugtechnik.de\/index.php\/wp-json\/wp\/v2\/posts\/505\/revisions"}],"predecessor-version":[{"id":519,"href":"https:\/\/leeser-fahrzeugtechnik.de\/index.php\/wp-json\/wp\/v2\/posts\/505\/revisions\/519"}],"wp:attachment":[{"href":"https:\/\/leeser-fahrzeugtechnik.de\/index.php\/wp-json\/wp\/v2\/media?parent=505"}],"wp:term":[{"taxonomy":"category","embeddable":true,"href":"https:\/\/leeser-fahrzeugtechnik.de\/index.php\/wp-json\/wp\/v2\/categories?post=505"},{"taxonomy":"post_tag","embeddable":true,"href":"https:\/\/leeser-fahrzeugtechnik.de\/index.php\/wp-json\/wp\/v2\/tags?post=505"}],"curies":[{"name":"wp","href":"https:\/\/api.w.org\/{rel}","templated":true}]}}